{"id":1652,"date":"2023-01-22T14:00:00","date_gmt":"2023-01-22T13:00:00","guid":{"rendered":"https:\/\/autoquartett.driving.legal\/?p=1652"},"modified":"2023-03-20T17:27:26","modified_gmt":"2023-03-20T16:27:26","slug":"porsche-911-gt3-rs-996-2-serie-2003-2005","status":"publish","type":"post","link":"https:\/\/autoquartett.driving.legal\/?p=1652","title":{"rendered":"Porsche 911 GT3 RS (996, 2. Serie 2003-2005)"},"content":{"rendered":"<div id=\"dslc-theme-content\"><div id=\"dslc-theme-content-inner\">\n<p>Ein Porsche 911 GT3 RS ist unabh\u00e4ngig der Baureihe eine Wucht. Und gerade beim lange etwas verschm\u00e4ten 996-er Modell f\u00e4hrt man eine berauschende Seltenheit, zumal von diesem als strassenzugelassenen Rennwagen konzipierten Modell lediglich 682 Exemplare das Werk in Stuttgart-Zuffenhausen verlassen haben. Im Vergleich zur aktuellen Variante liegt der Heckfl\u00fcgel noch deutlich unterhalb der Dachlinie (und ohne Schwanenh\u00e4lse), was ihn optisch dezenter erscheinen l\u00e4sst, wobei dezent bei einem GT3 RS gewiss nicht zuoberst auf dem Pflichtenheft stand. Vielen Dank dem Fotospender Pierre vom Porsche Club Jura!<\/p>\n\n\n\n<div style=\"height:14px\" aria-hidden=\"true\" class=\"wp-block-spacer\"><\/div>\n\n\n\n<p>Rassige Gr\u00fcsse<\/p>\n\n\n\n<p><\/p>\n\n\n\n<p>Rainer Riek<\/p>\n\n\n\n<div style=\"height:21px\" aria-hidden=\"true\" class=\"wp-block-spacer\"><\/div>\n\n\n\n<p><\/p>\n\n\n\n<p>(Bildrechte: Pierre vom Porsche Club Jura)<\/p>\n\n\n\n<p><\/p>\n<\/div><\/div>","protected":false},"excerpt":{"rendered":"<p>Ein Porsche 911 GT3 RS ist unabh\u00e4ngig der Baureihe eine Wucht. Und gerade beim lange etwas verschm\u00e4ten 996-er Modell f\u00e4hrt man eine berauschende Seltenheit, zumal von diesem als strassenzugelassenen Rennwagen konzipierten Modell lediglich 682 Exemplare das Werk in Stuttgart-Zuffenhausen verlassen haben. Im Vergleich zur aktuellen Variante liegt der Heckfl\u00fcgel noch deutlich unterhalb der Dachlinie (und [&hellip;]<\/p>\n","protected":false},"author":1,"featured_media":1654,"comment_status":"open","ping_status":"open","sticky":false,"template":"","format":"standard","meta":{"footnotes":""},"categories":[18,44,90],"tags":[],"class_list":["post-1652","post","type-post","status-publish","format-standard","has-post-thumbnail","hentry","category-bubentraeume","category-porsche","category-seltenheiten"],"_links":{"self":[{"href":"https:\/\/autoquartett.driving.legal\/index.php?rest_route=\/wp\/v2\/posts\/1652","targetHints":{"allow":["GET"]}}],"collection":[{"href":"https:\/\/autoquartett.driving.legal\/index.php?rest_route=\/wp\/v2\/posts"}],"about":[{"href":"https:\/\/autoquartett.driving.legal\/index.php?rest_route=\/wp\/v2\/types\/post"}],"author":[{"embeddable":true,"href":"https:\/\/autoquartett.driving.legal\/index.php?rest_route=\/wp\/v2\/users\/1"}],"replies":[{"embeddable":true,"href":"https:\/\/autoquartett.driving.legal\/index.php?rest_route=%2Fwp%2Fv2%2Fcomments&post=1652"}],"version-history":[{"count":0,"href":"https:\/\/autoquartett.driving.legal\/index.php?rest_route=\/wp\/v2\/posts\/1652\/revisions"}],"wp:featuredmedia":[{"embeddable":true,"href":"https:\/\/autoquartett.driving.legal\/index.php?rest_route=\/wp\/v2\/media\/1654"}],"wp:attachment":[{"href":"https:\/\/autoquartett.driving.legal\/index.php?rest_route=%2Fwp%2Fv2%2Fmedia&parent=1652"}],"wp:term":[{"taxonomy":"category","embeddable":true,"href":"https:\/\/autoquartett.driving.legal\/index.php?rest_route=%2Fwp%2Fv2%2Fcategories&post=1652"},{"taxonomy":"post_tag","embeddable":true,"href":"https:\/\/autoquartett.driving.legal\/index.php?rest_route=%2Fwp%2Fv2%2Ftags&post=1652"}],"curies":[{"name":"wp","href":"https:\/\/api.w.org\/{rel}","templated":true}]}}